{"id":34314,"date":"2026-09-04T10:00:00","date_gmt":"2026-09-04T08:00:00","guid":{"rendered":"https:\/\/educapharos.com\/?p=34314"},"modified":"2026-08-17T14:39:30","modified_gmt":"2026-08-17T12:39:30","slug":"itinerarios-formativos-personalizados","status":"publish","type":"post","link":"https:\/\/educapharos.com\/en\/blog\/gestion-talento\/itinerarios-formativos-personalizados\/","title":{"rendered":"Itinerarios formativos personalizados: c\u00f3mo adaptar la formaci\u00f3n a cada perfil"},"content":{"rendered":"\n<p class=\"wp-block-paragraph\">En los sectores t\u00e9cnicos, la formaci\u00f3n \u00abtalla \u00fanica\u00bb tiene un <a href=\"https:\/\/educapharos.com\/blog\/desarrollo-profesional\/seis-pasos-para-resolver-un-problema\/\" target=\"_blank\" data-type=\"link\" data-id=\"https:\/\/educapharos.com\/blog\/desarrollo-profesional\/seis-pasos-para-resolver-un-problema\/\" rel=\"noreferrer noopener\">problema de fondo:<\/a> <strong>un pe\u00f3n de obra, un t\u00e9cnico de oficina t\u00e9cnica y un jefe de proyecto no tienen las mismas necesidades formativas,<\/strong> ni el mismo punto de partida, ni el mismo ritmo de aprendizaje. Cuando una empresa ofrece los mismos cursos a toda la plantilla, el resultado es predecible: baja participaci\u00f3n, escaso impacto en el puesto de trabajo y un presupuesto de formaci\u00f3n que no genera el retorno esperado.<\/p>\n\n\n\n<p class=\"wp-block-paragraph\">Los itinerarios formativos personalizados son la respuesta a ese problema. No son solo una secuencia de cursos: son <strong>trayectorias de desarrollo dise\u00f1adas a partir del rol, el nivel de experiencia y los objetivos reales de cada profesional. <\/strong>Este art\u00edculo explica c\u00f3mo dise\u00f1arlos, qu\u00e9 competencias priorizar seg\u00fan el perfil y c\u00f3mo una plataforma SaaS puede automatizar y ajustar esa personalizaci\u00f3n en tiempo real.<\/p>\n\n\n\n<div id=\"ez-toc-container\" class=\"ez-toc-v2_0_85 counter-hierarchy ez-toc-counter ez-toc-grey ez-toc-container-direction\">\n<div class=\"ez-toc-title-container\">\n<p class=\"ez-toc-title\" style=\"cursor:inherit\">Table of Contents<\/p>\n<span class=\"ez-toc-title-toggle\"><a href=\"#\" class=\"ez-toc-pull-right ez-toc-btn ez-toc-btn-xs ez-toc-btn-default ez-toc-toggle\" aria-label=\"Toggle Table of Content\"><span class=\"ez-toc-js-icon-con\"><span class=\"\"><span class=\"eztoc-hide\" style=\"display:none;\">Toggle<\/span><span class=\"ez-toc-icon-toggle-span\"><svg style=\"fill: #999;color:#999\" xmlns=\"http:\/\/www.w3.org\/2000\/svg\" class=\"list-377408\" width=\"20px\" height=\"20px\" viewBox=\"0 0 24 24\" fill=\"none\"><path d=\"M6 6H4v2h2V6zm14 0H8v2h12V6zM4 11h2v2H4v-2zm16 0H8v2h12v-2zM4 16h2v2H4v-2zm16 0H8v2h12v-2z\" fill=\"currentColor\"><\/path><\/svg><svg style=\"fill: #999;color:#999\" class=\"arrow-unsorted-368013\" xmlns=\"http:\/\/www.w3.org\/2000\/svg\" width=\"10px\" height=\"10px\" viewBox=\"0 0 24 24\" version=\"1.2\" baseProfile=\"tiny\"><path d=\"M18.2 9.3l-6.2-6.3-6.2 6.3c-.2.2-.3.4-.3.7s.1.5.3.7c.2.2.4.3.7.3h11c.3 0 .5-.1.7-.3.2-.2.3-.5.3-.7s-.1-.5-.3-.7zM5.8 14.7l6.2 6.3 6.2-6.3c.2-.2.3-.5.3-.7s-.1-.5-.3-.7c-.2-.2-.4-.3-.7-.3h-11c-.3 0-.5.1-.7.3-.2.2-.3.5-.3.7s.1.5.3.7z\"\/><\/svg><\/span><\/span><\/span><\/a><\/span><\/div>\n<nav><ul class='ez-toc-list ez-toc-list-level-1 ' ><li class='ez-toc-page-1 ez-toc-heading-level-2'><a class=\"ez-toc-link ez-toc-heading-1\" href=\"https:\/\/educapharos.com\/en\/blog\/gestion-talento\/itinerarios-formativos-personalizados\/#%C2%BFQue_es_un_itinerario_formativo_y_por_que_la_formacion_%C2%ABtalla_unica%C2%BB_falla_en_equipos_tecnicos\" >\u00bfQu\u00e9 es un itinerario formativo y por qu\u00e9 la formaci\u00f3n \u00abtalla \u00fanica\u00bb falla en equipos t\u00e9cnicos?<\/a><\/li><li class='ez-toc-page-1 ez-toc-heading-level-2'><a class=\"ez-toc-link ez-toc-heading-2\" href=\"https:\/\/educapharos.com\/en\/blog\/gestion-talento\/itinerarios-formativos-personalizados\/#%C2%BFComo_disenar_itinerarios_por_nivel_de_experiencia\" >\u00bfC\u00f3mo dise\u00f1ar itinerarios por nivel de experiencia?<\/a><ul class='ez-toc-list-level-3' ><li class='ez-toc-heading-level-3'><a class=\"ez-toc-link ez-toc-heading-3\" href=\"https:\/\/educapharos.com\/en\/blog\/gestion-talento\/itinerarios-formativos-personalizados\/#Perfil_junior_fundamentos_y_adaptacion_al_puesto\" >Perfil junior: fundamentos y adaptaci\u00f3n al puesto<\/a><\/li><li class='ez-toc-page-1 ez-toc-heading-level-3'><a class=\"ez-toc-link ez-toc-heading-4\" href=\"https:\/\/educapharos.com\/en\/blog\/gestion-talento\/itinerarios-formativos-personalizados\/#Perfil_senior_especializacion_y_actualizacion_normativa\" >Perfil senior: especializaci\u00f3n y actualizaci\u00f3n normativa<\/a><\/li><li class='ez-toc-page-1 ez-toc-heading-level-3'><a class=\"ez-toc-link ez-toc-heading-5\" href=\"https:\/\/educapharos.com\/en\/blog\/gestion-talento\/itinerarios-formativos-personalizados\/#Mando_intermedio_gestion_de_equipos_y_soft_skills\" >Mando intermedio: gesti\u00f3n de equipos y soft skills<\/a><\/li><\/ul><\/li><li class='ez-toc-page-1 ez-toc-heading-level-2'><a class=\"ez-toc-link ez-toc-heading-6\" href=\"https:\/\/educapharos.com\/en\/blog\/gestion-talento\/itinerarios-formativos-personalizados\/#Itinerarios_por_area_tecnica_obra_oficina_tecnica_PRL_gestion_de_proyectos\" >Itinerarios por \u00e1rea t\u00e9cnica (obra, oficina t\u00e9cnica, PRL, gesti\u00f3n de proyectos)<\/a><\/li><li class='ez-toc-page-1 ez-toc-heading-level-2'><a class=\"ez-toc-link ez-toc-heading-7\" href=\"https:\/\/educapharos.com\/en\/blog\/gestion-talento\/itinerarios-formativos-personalizados\/#Como_la_analitica_de_una_plataforma_SaaS_ayuda_a_ajustar_el_itinerario_en_tiempo_real\" >C\u00f3mo la anal\u00edtica de una plataforma SaaS ayuda a ajustar el itinerario en tiempo real<\/a><\/li><li class='ez-toc-page-1 ez-toc-heading-level-2'><a class=\"ez-toc-link ez-toc-heading-8\" href=\"https:\/\/educapharos.com\/en\/blog\/gestion-talento\/itinerarios-formativos-personalizados\/#Itinerarios_en_Educa_PHAROS_ejemplo_aplicado\" >Itinerarios en Educa PHAROS: ejemplo aplicado<\/a><\/li><\/ul><\/nav><\/div>\n<h2 class=\"wp-block-heading\"><span class=\"ez-toc-section\" id=\"%C2%BFQue_es_un_itinerario_formativo_y_por_que_la_formacion_%C2%ABtalla_unica%C2%BB_falla_en_equipos_tecnicos\"><\/span>\u00bfQu\u00e9 es un itinerario formativo y por qu\u00e9 la formaci\u00f3n \u00abtalla \u00fanica\u00bb falla en equipos t\u00e9cnicos?<span class=\"ez-toc-section-end\"><\/span><\/h2>\n\n\n\n<p class=\"wp-block-paragraph\">Un itinerario formativo es un <strong>plan de desarrollo estructurado que define qu\u00e9 aprender, en qu\u00e9 orden y con qu\u00e9 objetivo,<\/strong> adaptado al punto de partida y al destino profesional de cada persona. A diferencia de un cat\u00e1logo de cursos, un itinerario tiene l\u00f3gica interna: cada paso construye sobre el anterior y prepara para el siguiente.<\/p>\n\n\n\n<p class=\"wp-block-paragraph\">La formaci\u00f3n gen\u00e9rica falla en equipos t\u00e9cnicos por tres razones. La primera es la <strong>heterogeneidad de perfiles:<\/strong> en una empresa de ingenier\u00eda o construcci\u00f3n conviven juniors reci\u00e9n incorporados, t\u00e9cnicos con diez a\u00f1os de experiencia y mandos intermedios con responsabilidad de equipo. Ofrecerles el mismo contenido no aporta valor a ninguno. La segunda es la <strong>velocidad de cambio normativo y tecnol\u00f3gico:<\/strong> lo que necesita aprender un t\u00e9cnico de PRL en 2026 es diferente a lo que necesitaba en 2022. Sin itinerarios actualizados, la formaci\u00f3n queda desconectada de la realidad del puesto. La tercera es la <strong>p\u00e9rdida de motivaci\u00f3n: <\/strong><a href=\"https:\/\/educapharos.com\/blog\/gestion-talento\/senior-y-junior\/\" target=\"_blank\" data-type=\"link\" data-id=\"https:\/\/educapharos.com\/blog\/gestion-talento\/senior-y-junior\/\" rel=\"noreferrer noopener\">un profesional senior<\/a> que recibe formaci\u00f3n b\u00e1sica que ya domina o un junior que recibe contenido demasiado avanzado sin base previa pierde el inter\u00e9s en las primeras sesiones.<\/p>\n\n\n\n<h2 class=\"wp-block-heading\"><span class=\"ez-toc-section\" id=\"%C2%BFComo_disenar_itinerarios_por_nivel_de_experiencia\"><\/span>\u00bfC\u00f3mo dise\u00f1ar itinerarios por nivel de experiencia?<span class=\"ez-toc-section-end\"><\/span><\/h2>\n\n\n\n<h3 class=\"wp-block-heading\"><span class=\"ez-toc-section\" id=\"Perfil_junior_fundamentos_y_adaptacion_al_puesto\"><\/span>Perfil junior: fundamentos y adaptaci\u00f3n al puesto<span class=\"ez-toc-section-end\"><\/span><\/h3>\n\n\n\n<p class=\"wp-block-paragraph\">El itinerario para perfiles junior tiene un objetivo claro: r<strong>educir la curva de aprendizaje inicial y garantizar que el profesional puede operar con autonom\u00eda en su puesto lo antes posible. <\/strong>Las prioridades son la formaci\u00f3n en normativa y seguridad b\u00e1sica (PRL, protocolos de obra o de oficina), las herramientas digitales fundamentales del \u00e1rea (AutoCAD, Revit, software de gesti\u00f3n de proyectos) y las competencias transversales imprescindibles (comunicaci\u00f3n, gesti\u00f3n del tiempo, trabajo en equipo). El itinerario debe ser corto, concreto y directamente aplicable: nada de teor\u00eda desconectada de la pr\u00e1ctica real del puesto.<\/p>\n\n\n\n<h3 class=\"wp-block-heading\"><span class=\"ez-toc-section\" id=\"Perfil_senior_especializacion_y_actualizacion_normativa\"><\/span>Perfil senior: especializaci\u00f3n y actualizaci\u00f3n normativa<span class=\"ez-toc-section-end\"><\/span><\/h3>\n\n\n\n<p class=\"wp-block-paragraph\">Para perfiles con experiencia,<strong> el itinerario no busca ense\u00f1ar lo b\u00e1sico sino mantener la competencia t\u00e9cnica actualizada y abrir nuevas especialidades.<\/strong> Las prioridades cambian: certificaciones avanzadas (BIM Manager, coordinador de seguridad y salud, especialista en eficiencia energ\u00e9tica), actualizaci\u00f3n ante cambios normativos relevantes (Reglamento de M\u00e1quinas 2023\/1230, nuevos est\u00e1ndares de sostenibilidad ESG) y formaci\u00f3n en tecnolog\u00edas emergentes con impacto directo en su \u00e1rea (IA aplicada a la gesti\u00f3n de proyectos, digitalizaci\u00f3n de procesos). El itinerario senior debe ser flexible: el profesional ya tiene base, lo que necesita es profundidad y direcci\u00f3n.<\/p>\n\n\n\n<h3 class=\"wp-block-heading\"><span class=\"ez-toc-section\" id=\"Mando_intermedio_gestion_de_equipos_y_soft_skills\"><\/span>Mando intermedio: <a href=\"https:\/\/educapharos.com\/blog\/gestion-talento\/\" target=\"_blank\" data-type=\"link\" data-id=\"https:\/\/educapharos.com\/blog\/gestion-talento\/\" rel=\"noreferrer noopener\">gesti\u00f3n de equipos<\/a> y soft skills<span class=\"ez-toc-section-end\"><\/span><\/h3>\n\n\n\n<p class=\"wp-block-paragraph\">Es el perfil m\u00e1s descuidado en los planes de formaci\u00f3n t\u00e9cnicos.<strong> El mando intermedio necesita competencias que no son ni t\u00e9cnicas ni de gesti\u00f3n pura:<\/strong> comunicaci\u00f3n eficaz hacia arriba y hacia abajo, resoluci\u00f3n de conflictos, delegaci\u00f3n, gesti\u00f3n de la carga mental del equipo y capacidad para identificar y desarrollar el talento. Ignorar esta capa formativa genera mandos intermedios t\u00e9cnicamente competentes, pero con dificultades para hacer crecer a los equipos que lideran.<\/p>\n\n\n\n<h2 class=\"wp-block-heading\"><span class=\"ez-toc-section\" id=\"Itinerarios_por_area_tecnica_obra_oficina_tecnica_PRL_gestion_de_proyectos\"><\/span>Itinerarios por \u00e1rea t\u00e9cnica (obra, oficina t\u00e9cnica, PRL, gesti\u00f3n de proyectos)<span class=\"ez-toc-section-end\"><\/span><\/h2>\n\n\n\n<style>\n.itin-tabla{font-family:Arial,sans-serif;overflow-x:auto;margin:2rem 0}\n.itin-tabla table{width:100%;border-collapse:collapse;font-size:.86rem}\n.itin-tabla thead tr{background:#141414;color:#ffd00f}\n.itin-tabla thead th{padding:11px 14px;text-align:left;font-weight:700;letter-spacing:.04em}\n.itin-tabla tbody tr:nth-child(odd){background:#f9f6e8}\n.itin-tabla tbody tr:nth-child(even){background:#fff}\n.itin-tabla tbody td{padding:10px 14px;color:#141414;border-bottom:1px solid #e8e0c8;vertical-align:top;line-height:1.55}\n.itin-tabla tbody td:first-child{font-weight:700;color:#665406}\n.rol-tag{display:inline-block;font-size:.65rem;font-weight:700;padding:2px 9px;border-radius:10px;margin-bottom:5px;white-space:nowrap}\n.rol-obra{background:#ffd00f;color:#141414}\n.rol-oficina{background:#141414;color:#ffd00f}\n.rol-prl{background:#3a1a1a;color:#eb5757}\n.rol-gestion{background:#1a1a3a;color:#7eb8f7}\n.nivel-pill{display:inline-block;font-size:.62rem;font-weight:700;padding:1px 7px;border-radius:8px;margin-left:4px;vertical-align:middle}\n.nj{background:#fff8dc;color:#a3830b;border:1px solid #caa412}\n.ns{background:#e8e0c8;color:#665406}\n.nm{background:#f0f0f0;color:#333;border:1px solid #ccc}\n.itin-form{font-size:.75rem;color:#a3830b;margin-top:5px;font-style:italic}\n.itin-form::before{content:'\u2192 ';font-weight:700;font-style:normal}\n<\/style>\n\n<div class=\"itin-tabla\">\n  <table>\n    <thead>\n      <tr>\n        <th>\u00c1rea \/ Rol<\/th>\n        <th>Nivel<\/th>\n        <th>Competencias prioritarias<\/th>\n        <th>Formaci\u00f3n recomendada<\/th>\n        <th>Plazo orientativo<\/th>\n      <\/tr>\n    <\/thead>\n    <tbody>\n      <tr>\n        <td><span class=\"rol-tag rol-obra\">Obra<\/span><br>Pe\u00f3n \/ Oficial<\/td>\n        <td><span class=\"nivel-pill nj\">Junior<\/span><\/td>\n        <td>PRL b\u00e1sica (20h), normas de seguridad en obra, manejo de herramientas, lectura b\u00e1sica de planos<\/td>\n        <td><div class=\"itin-form\">TPC + PRL 20h \u00b7 Lectura de planos \u00b7 Seguridad en construcci\u00f3n<\/div><\/td>\n        <td>1\u20132 meses<\/td>\n      <\/tr>\n      <tr>\n        <td><span class=\"rol-tag rol-obra\">Obra<\/span><br>Encargado \/ Jefe de obra<\/td>\n        <td><span class=\"nivel-pill ns\">Senior<\/span><\/td>\n        <td>Coordinaci\u00f3n de seguridad y salud, gesti\u00f3n de subcontratas, control de calidad en obra, BIM b\u00e1sico<\/td>\n        <td><div class=\"itin-form\">Coordinador SS \u00b7 Control de calidad \u00b7 BIM Foundation \u00b7 Gesti\u00f3n de proyectos<\/div><\/td>\n        <td>3\u20136 meses<\/td>\n      <\/tr>\n      <tr>\n        <td><span class=\"rol-tag rol-oficina\">Oficina t\u00e9cnica<\/span><br>T\u00e9cnico junior<\/td>\n        <td><span class=\"nivel-pill nj\">Junior<\/span><\/td>\n        <td>Modelado BIM, AutoCAD\/Revit b\u00e1sico, elaboraci\u00f3n de presupuestos, normativa t\u00e9cnica aplicable al \u00e1rea<\/td>\n        <td><div class=\"itin-form\">BIM Entry \u00b7 Software de modelado \u00b7 Presupuestaci\u00f3n \u00b7 Normativa t\u00e9cnica b\u00e1sica<\/div><\/td>\n        <td>2\u20133 meses<\/td>\n      <\/tr>\n      <tr>\n        <td><span class=\"rol-tag rol-oficina\">Oficina t\u00e9cnica<\/span><br>T\u00e9cnico senior \/ BIM Manager<\/td>\n        <td><span class=\"nivel-pill ns\">Senior<\/span><\/td>\n        <td>BIM avanzado, coordinaci\u00f3n de modelos IFC, an\u00e1lisis estructural, sostenibilidad y eficiencia energ\u00e9tica<\/td>\n        <td><div class=\"itin-form\">BIM Practitioner \u00b7 Coordinaci\u00f3n multidisciplinar \u00b7 Certificaci\u00f3n medioambiental \u00b7 Eficiencia energ\u00e9tica<\/div><\/td>\n        <td>4\u20138 meses<\/td>\n      <\/tr>\n      <tr>\n        <td><span class=\"rol-tag rol-prl\">PRL<\/span><br>T\u00e9cnico de prevenci\u00f3n<\/td>\n        <td><span class=\"nivel-pill nj\">Junior<\/span><\/td>\n        <td>PRL nivel b\u00e1sico e intermedio, identificaci\u00f3n de riesgos por oficio, primeros auxilios, registro de jornada<\/td>\n        <td><div class=\"itin-form\">PRL 60h \u00b7 T\u00e9cnico de nivel b\u00e1sico \u00b7 Primeros auxilios \u00b7 Registro de jornada<\/div><\/td>\n        <td>2\u20133 meses<\/td>\n      <\/tr>\n      <tr>\n        <td><span class=\"rol-tag rol-prl\">PRL<\/span><br>T\u00e9cnico Superior en PRL<\/td>\n        <td><span class=\"nivel-pill ns\">Senior<\/span><\/td>\n        <td>Las 3 especialidades PRL, gesti\u00f3n del sistema de prevenci\u00f3n, auditor\u00edas internas, Reglamento de M\u00e1quinas 2023\/1230<\/td>\n        <td><div class=\"itin-form\">T\u00e9cnico Superior PRL (3 especialidades) \u00b7 Auditor\u00eda interna \u00b7 Reglamento de M\u00e1quinas UE<\/div><\/td>\n        <td>6\u201312 meses<\/td>\n      <\/tr>\n      <tr>\n        <td><span class=\"rol-tag rol-gestion\">Gesti\u00f3n de proyectos<\/span><br>Project Manager junior<\/td>\n        <td><span class=\"nivel-pill nj\">Junior<\/span><\/td>\n        <td>Fundamentos de gesti\u00f3n de proyectos, planificaci\u00f3n y control de costes, herramientas digitales de seguimiento<\/td>\n        <td><div class=\"itin-form\">Fundamentos PM \u00b7 MS Project \/ Primavera \u00b7 Control de costes \u00b7 Comunicaci\u00f3n en proyectos<\/div><\/td>\n        <td>2\u20134 meses<\/td>\n      <\/tr>\n      <tr>\n        <td><span class=\"rol-tag rol-gestion\">Gesti\u00f3n de proyectos<\/span><br>Mando intermedio \/ Director<\/td>\n        <td><span class=\"nivel-pill nm\">Mando intermedio<\/span><\/td>\n        <td>Liderazgo de equipos t\u00e9cnicos, gesti\u00f3n de riesgos, IA aplicada a la gesti\u00f3n, soft skills para mandos, reporting a direcci\u00f3n<\/td>\n        <td><div class=\"itin-form\">Liderazgo t\u00e9cnico \u00b7 Gesti\u00f3n de riesgos \u00b7 IA para PM \u00b7 Soft skills \u00b7 Presentaci\u00f3n de resultados<\/div><\/td>\n        <td>3\u20136 meses<\/td>\n      <\/tr>\n    <\/tbody>\n  <\/table>\n<\/div>\n\n\n\n<h2 class=\"wp-block-heading\"><span class=\"ez-toc-section\" id=\"Como_la_analitica_de_una_plataforma_SaaS_ayuda_a_ajustar_el_itinerario_en_tiempo_real\"><\/span>C\u00f3mo la anal\u00edtica de una plataforma SaaS ayuda a ajustar el itinerario en tiempo real<span class=\"ez-toc-section-end\"><\/span><\/h2>\n\n\n\n<p class=\"wp-block-paragraph\">Un itinerario formativo dise\u00f1ado en enero no tiene por qu\u00e9 ser el mismo en septiembre. Las condiciones cambian: un nuevo proyecto exige competencias espec\u00edficas, una normativa se actualiza, un miembro del equipo avanza m\u00e1s r\u00e1pido de lo previsto o un \u00e1rea queda bloqueada. <strong>Una plataforma SaaS de formaci\u00f3n permite ajustar los itinerarios en tiempo real <\/strong>a partir de tres tipos de datos: el progreso individual (qu\u00e9 ha completado cada profesional, con qu\u00e9 ritmo y con qu\u00e9 resultados), las brechas detectadas (qu\u00e9 m\u00f3dulos generan m\u00e1s abandonos o m\u00e1s revisiones) y las necesidades del negocio (qu\u00e9 proyectos est\u00e1n activos y qu\u00e9 competencias requieren). Este enfoque convierte la formaci\u00f3n en un sistema vivo, no en un documento est\u00e1tico que se revisa una vez al a\u00f1o.<\/p>\n\n\n\n<h2 class=\"wp-block-heading\"><span class=\"ez-toc-section\" id=\"Itinerarios_en_Educa_PHAROS_ejemplo_aplicado\"><\/span>Itinerarios en Educa PHAROS: ejemplo aplicado<span class=\"ez-toc-section-end\"><\/span><\/h2>\n\n\n\n<p class=\"wp-block-paragraph\">Educa PHAROS permite dise\u00f1ar itinerarios formativos adaptados a cada perfil de equipo t\u00e9cnico, con m\u00e1s de 2.000 cursos organizados por \u00e1rea de conocimiento, seguimiento individual del progreso y certificaciones con reconocimiento formal. Desde el pe\u00f3n de obra que necesita la TPC hasta el jefe de proyecto que quiere certificarse en BIM Manager o en IA aplicada, <strong>cada profesional puede avanzar a su ritmo sin interrumpir su actividad.<\/strong><\/p>\n\n\n\n<style>\n.config-wrap{font-family:Arial,sans-serif;background:#141414;border-radius:12px;padding:2rem;margin:2rem 0;max-width:100%}\n.config-title{color:#ffd00f;font-size:1rem;font-weight:700;letter-spacing:.07em;text-transform:uppercase;margin:0 0 .3rem}\n.config-sub{color:#a0a0a0;font-size:.8rem;margin:0 0 1.5rem;line-height:1.5}\n.config-selects{display:grid;grid-template-columns:repeat(auto-fit,minmax(200px,1fr));gap:.75rem;margin-bottom:1.25rem}\n.config-field{display:flex;flex-direction:column;gap:.35rem}\n.config-label{font-size:.72rem;color:#a0a0a0;text-transform:uppercase;letter-spacing:.04em;font-weight:600}\n.config-select{background:#1e1e1e;border:1px solid #333;border-radius:6px;padding:.6rem .9rem;color:#fff;font-size:.88rem;font-family:Arial,sans-serif;outline:none;cursor:pointer}\n.config-select:focus{border-color:#ffd00f}\n.config-btn{background:#ffd00f;color:#141414;border:none;border-radius:6px;padding:.75rem 1.5rem;font-weight:700;font-size:.9rem;cursor:pointer;width:100%;font-family:Arial,sans-serif;margin-bottom:1.25rem}\n.config-btn:hover{background:#caa412}\n.config-resultado{display:none}\n.config-resultado.visible{display:block}\n.config-resultado-header{background:#1e1e1e;border-radius:8px 8px 0 0;padding:1rem 1.25rem;border-bottom:3px solid #ffd00f;margin-bottom:0}\n.config-resultado-rol{font-size:.7rem;color:#caa412;font-weight:700;text-transform:uppercase;letter-spacing:.06em;margin-bottom:.25rem}\n.config-resultado-titulo{font-size:.95rem;color:#fff;font-weight:700}\n.config-pasos{background:#1e1e1e;border-radius:0 0 8px 8px;padding:1.25rem}\n.config-paso{display:flex;gap:1rem;align-items:flex-start;padding:.75rem 0;border-bottom:1px solid #2a2a2a}\n.config-paso:last-child{border-bottom:none;padding-bottom:0}\n.paso-num{background:#ffd00f;color:#141414;font-size:.72rem;font-weight:900;width:28px;height:28px;border-radius:50%;display:flex;align-items:center;justify-content:center;flex-shrink:0;margin-top:2px}\n.paso-contenido{}\n.paso-nombre{font-size:.88rem;color:#fff;font-weight:700;margin-bottom:.2rem}\n.paso-desc{font-size:.75rem;color:#a0a0a0;line-height:1.5;margin-bottom:.25rem}\n.paso-duracion{font-size:.68rem;color:#665406;font-weight:600}\n.paso-duracion::before{content:'\u23f1 '}\n.config-nota{font-size:.7rem;color:#665406;margin-top:1rem;line-height:1.5;padding-top:.75rem;border-top:1px solid #2a2a2a}\n<\/style>\n\n<div class=\"config-wrap\">\n  <div class=\"config-title\">\ud83d\uddc2\ufe0f Configurador de itinerario formativo<\/div>\n  <div class=\"config-sub\">Selecciona tu rol y nivel y genera un itinerario sugerido paso a paso con las competencias y el orden recomendado<\/div>\n\n  <div class=\"config-selects\">\n    <div class=\"config-field\">\n      <label class=\"config-label\">Tu \u00e1rea de trabajo<\/label>\n      <select class=\"config-select\" id=\"cfg-rol\">\n        <option value=\"\">Selecciona tu \u00e1rea&#8230;<\/option>\n        <option value=\"obra\">Obra (ejecuci\u00f3n y supervisi\u00f3n)<\/option>\n        <option value=\"oficina\">Oficina t\u00e9cnica (dise\u00f1o y modelado)<\/option>\n        <option value=\"prl\">PRL y seguridad<\/option>\n        <option value=\"gestion\">Gesti\u00f3n de proyectos<\/option>\n      <\/select>\n    <\/div>\n    <div class=\"config-field\">\n      <label class=\"config-label\">Tu nivel de experiencia<\/label>\n      <select class=\"config-select\" id=\"cfg-nivel\">\n        <option value=\"\">Selecciona tu nivel&#8230;<\/option>\n        <option value=\"junior\">Junior (0\u20133 a\u00f1os)<\/option>\n        <option value=\"senior\">Senior (m\u00e1s de 3 a\u00f1os)<\/option>\n        <option value=\"mando\">Mando intermedio \/ Responsable de equipo<\/option>\n      <\/select>\n    <\/div>\n  <\/div>\n\n  <button class=\"config-btn\" onclick=\"generarItinerario()\">Generar mi itinerario \u2192<\/button>\n\n  <div class=\"config-resultado\" id=\"cfg-resultado\">\n    <div class=\"config-resultado-header\">\n      <div class=\"config-resultado-rol\" id=\"cfg-res-rol\"><\/div>\n      <div class=\"config-resultado-titulo\" id=\"cfg-res-titulo\"><\/div>\n    <\/div>\n    <div class=\"config-pasos\" id=\"cfg-pasos\"><\/div>\n    <div class=\"config-nota\">Este itinerario es una sugerencia orientativa basada en las competencias m\u00e1s demandadas en el sector. Las prioridades pueden variar seg\u00fan el convenio colectivo, los proyectos activos y las necesidades espec\u00edficas de cada empresa. Educa PHAROS puede ayudarte a personalizar el itinerario a la realidad de tu organizaci\u00f3n.<\/div>\n  <\/div>\n<\/div>\n\n<script>\nconst itinerarios = {\n  obra: {\n    junior: {\n      titulo: 'Itinerario para pe\u00f3n \/ oficial de obra \u2014 nivel junior',\n      pasos: [\n        { nombre: 'Formaci\u00f3n PRL 20h (Convenio de la Construcci\u00f3n)', desc: 'Base obligatoria para acceder a cualquier obra. Cubre los riesgos m\u00e1s frecuentes en construcci\u00f3n y los protocolos de actuaci\u00f3n ante emergencias.', duracion: '20 horas \u00b7 Online o presencial' },\n        { nombre: 'Tarjeta Profesional de la Construcci\u00f3n (TPC)', desc: 'Acreditaci\u00f3n que certifica la formaci\u00f3n preventiva recibida. Imprescindible para operar en obra.', duracion: 'Tr\u00e1mite tras formaci\u00f3n PRL' },\n        { nombre: 'Lectura e interpretaci\u00f3n b\u00e1sica de planos', desc: 'Comprensi\u00f3n de planos de planta, alzado y secci\u00f3n. Identificaci\u00f3n de simbolog\u00eda t\u00e9cnica y cotas.', duracion: '15\u201320 horas \u00b7 Online' },\n        { nombre: 'Manejo de herramientas y maquinaria b\u00e1sica', desc: 'Uso seguro de herramientas manuales y el\u00e9ctricas. Operativa b\u00e1sica en obra y normas de uso de EPI.', duracion: '10\u201315 horas \u00b7 Pr\u00e1ctico' },\n        { nombre: 'Soft skills de adaptaci\u00f3n al puesto', desc: 'Trabajo en equipo, comunicaci\u00f3n en obra, gesti\u00f3n del tiempo y resoluci\u00f3n de incidencias b\u00e1sicas.', duracion: '10 horas \u00b7 Online' }\n      ]\n    },\n    senior: {\n      titulo: 'Itinerario para encargado \/ jefe de obra \u2014 perfil senior',\n      pasos: [\n        { nombre: 'Coordinaci\u00f3n de Seguridad y Salud', desc: 'Habilitaci\u00f3n para coordinar la PRL en proyectos con m\u00e1s de un contratista. Obligatorio por ley en obras de cierta envergadura.', duracion: 'Titulaci\u00f3n t\u00e9cnica + formaci\u00f3n espec\u00edfica' },\n        { nombre: 'BIM Foundation (buildingSMART)', desc: 'Conocimientos estrat\u00e9gicos y operativos de BIM aplicados a la gesti\u00f3n de proyectos de obra. Permite coordinar con la oficina t\u00e9cnica en entornos digitales.', duracion: '40\u201360 horas \u00b7 Online' },\n        { nombre: 'Control de calidad en obra', desc: 'Elaboraci\u00f3n y seguimiento de planes de calidad, gesti\u00f3n de no conformidades y criterios de aceptaci\u00f3n de unidades de obra.', duracion: '25\u201330 horas \u00b7 Online' },\n        { nombre: 'Gesti\u00f3n de subcontratas y contratos de obra', desc: 'Marco legal del contrato de obra, coordinaci\u00f3n de subcontratas, certificaciones y gesti\u00f3n de incidencias contractuales.', duracion: '20 horas \u00b7 Online' },\n        { nombre: 'Reglamento de M\u00e1quinas UE 2023\/1230', desc: 'Actualizaci\u00f3n sobre el nuevo marco normativo de maquinaria. Clave para encargados que supervisan el uso de maquinaria en obra.', duracion: '10\u201315 horas \u00b7 Online' }\n      ]\n    },\n    mando: {\n      titulo: 'Itinerario para director de obra \/ responsable de producci\u00f3n',\n      pasos: [\n        { nombre: 'Liderazgo de equipos t\u00e9cnicos', desc: 'Gesti\u00f3n de equipos multidisciplinares en obra. Delegaci\u00f3n, motivaci\u00f3n, gesti\u00f3n del conflicto y desarrollo del talento t\u00e9cnico.', duracion: '20\u201330 horas \u00b7 Online' },\n        { nombre: 'Gesti\u00f3n avanzada de proyectos de construcci\u00f3n', desc: 'Planificaci\u00f3n, control de costes, gesti\u00f3n de riesgos y reporting a direcci\u00f3n en proyectos complejos.', duracion: '40 horas \u00b7 Online' },\n        { nombre: 'IA aplicada a la gesti\u00f3n de proyectos', desc: 'Uso de herramientas de IA para an\u00e1lisis de desviaciones, generaci\u00f3n de informes y optimizaci\u00f3n de la planificaci\u00f3n.', duracion: '20\u201330 horas \u00b7 Online' },\n        { nombre: 'Comunicaci\u00f3n y presentaci\u00f3n de resultados', desc: 'Elaboraci\u00f3n de informes de seguimiento, presentaci\u00f3n ante cliente y gesti\u00f3n de expectativas en proyectos de obra.', duracion: '15 horas \u00b7 Online' }\n      ]\n    }\n  },\n  oficina: {\n    junior: {\n      titulo: 'Itinerario para t\u00e9cnico de oficina t\u00e9cnica \u2014 nivel junior',\n      pasos: [\n        { nombre: 'BIM Entry (buildingSMART)', desc: 'Introducci\u00f3n al ecosistema BIM y los est\u00e1ndares openBIM. Acceso libre y gratuito. Primer paso reconocido internacionalmente.', duracion: 'Autoformaci\u00f3n + examen online gratuito' },\n        { nombre: 'Modelado con Revit o AutoCAD (nivel b\u00e1sico)', desc: 'Creaci\u00f3n y edici\u00f3n de modelos 2D\/3D. Familiarizaci\u00f3n con el entorno de trabajo y los flujos de trabajo habituales en oficina t\u00e9cnica.', duracion: '30\u201340 horas \u00b7 Online' },\n        { nombre: 'Elaboraci\u00f3n de presupuestos y mediciones', desc: 'Elaboraci\u00f3n de mediciones a partir de planos y modelos. Aplicaci\u00f3n de cuadros de precios y generaci\u00f3n de presupuestos.', duracion: '20\u201325 horas \u00b7 Online' },\n        { nombre: 'Normativa t\u00e9cnica b\u00e1sica del \u00e1rea', desc: 'C\u00f3digo T\u00e9cnico de la Edificaci\u00f3n, normativa de instalaciones o de infraestructuras seg\u00fan el \u00e1rea de trabajo espec\u00edfica.', duracion: '20 horas \u00b7 Online' }\n      ]\n    },\n    senior: {\n      titulo: 'Itinerario para t\u00e9cnico senior \/ BIM Manager',\n      pasos: [\n        { nombre: 'BIM Practitioner (buildingSMART)', desc: 'Nivel avanzado de excelencia en entornos openBIM. Liderazgo de proyectos BIM complejos y coordinaci\u00f3n de disciplinas.', duracion: '80\u2013120 horas + examen' },\n        { nombre: 'Certificaci\u00f3n medioambiental de edificios (BREEAM\/LEED)', desc: 'Evaluaci\u00f3n de edificios seg\u00fan sistemas de certificaci\u00f3n sostenible. Cada vez m\u00e1s exigida en pliegos y por promotores institucionales.', duracion: '45 horas \u00b7 Online' },\n        { nombre: 'Diagn\u00f3stico y rehabilitaci\u00f3n energ\u00e9tica', desc: 'Evaluaci\u00f3n del estado de edificaciones, norma UNE y C\u00f3digo T\u00e9cnico. Alta demanda impulsada por fondos europeos y objetivos de descarbonizaci\u00f3n.', duracion: '25 horas \u00b7 Online' },\n        { nombre: 'Gesti\u00f3n de datos e instalaciones con BIM industrial', desc: 'Integraci\u00f3n de equipos e instalaciones en modelos BIM de planta. Coordinaci\u00f3n con ingenier\u00eda de instalaciones y producci\u00f3n.', duracion: '30 horas \u00b7 Online' }\n      ]\n    },\n    mando: {\n      titulo: 'Itinerario para responsable de oficina t\u00e9cnica',\n      pasos: [\n        { nombre: 'Gesti\u00f3n de equipos t\u00e9cnicos y liderazgo', desc: 'Coordinaci\u00f3n de equipos de dise\u00f1o y modelado. Gesti\u00f3n de la carga de trabajo, revisi\u00f3n de entregables y desarrollo del equipo.', duracion: '20\u201330 horas \u00b7 Online' },\n        { nombre: 'Gesti\u00f3n de proyectos en entornos BIM', desc: 'Planificaci\u00f3n, seguimiento y control de proyectos en entorno digital. Coordinaci\u00f3n con obra, cliente y direcci\u00f3n facultativa.', duracion: '30 horas \u00b7 Online' },\n        { nombre: 'IA y digitalizaci\u00f3n aplicada a la oficina t\u00e9cnica', desc: 'Herramientas de IA para automatizar tareas de modelado, control documental y an\u00e1lisis de proyectos.', duracion: '20 horas \u00b7 Online' }\n      ]\n    }\n  },\n  prl: {\n    junior: {\n      titulo: 'Itinerario para t\u00e9cnico de PRL \u2014 nivel junior',\n      pasos: [\n        { nombre: 'PRL Nivel B\u00e1sico (60 horas)', desc: 'Formaci\u00f3n b\u00e1sica en prevenci\u00f3n de riesgos laborales. Identificaci\u00f3n de riesgos, medidas preventivas y protocolos de actuaci\u00f3n.', duracion: '60 horas \u00b7 Online o presencial' },\n        { nombre: 'Evaluaci\u00f3n de riesgos por oficio t\u00e9cnico', desc: 'Metodolog\u00eda de evaluaci\u00f3n de riesgos aplicada a los oficios m\u00e1s frecuentes en construcci\u00f3n, ingenier\u00eda e industria.', duracion: '20 horas \u00b7 Online' },\n        { nombre: 'Primeros auxilios y actuaci\u00f3n ante emergencias', desc: 'Protocolos de actuaci\u00f3n ante accidente, RCP b\u00e1sico y gesti\u00f3n de primeras intervenciones en entorno laboral.', duracion: '10\u201315 horas \u00b7 Pr\u00e1ctico' },\n        { nombre: 'Registro de jornada y documentaci\u00f3n preventiva', desc: 'Elaboraci\u00f3n y gesti\u00f3n de documentaci\u00f3n del sistema de prevenci\u00f3n: registros, fichas de riesgo e informes de inspecci\u00f3n.', duracion: '10 horas \u00b7 Online' }\n      ]\n    },\n    senior: {\n      titulo: 'Itinerario para T\u00e9cnico Superior en PRL',\n      pasos: [\n        { nombre: 'T\u00e9cnico Superior en PRL (3 especialidades)', desc: 'Seguridad en el trabajo, higiene industrial y ergonom\u00eda\/psicosociolog\u00eda. La m\u00e1xima cualificaci\u00f3n en prevenci\u00f3n. Habilitaci\u00f3n para Servicio de Prevenci\u00f3n Propio o Ajeno.', duracion: '600 horas + pr\u00e1cticas' },\n        { nombre: 'Auditor\u00eda interna del sistema de prevenci\u00f3n', desc: 'Planificaci\u00f3n y ejecuci\u00f3n de auditor\u00edas internas del sistema de gesti\u00f3n de PRL. Elaboraci\u00f3n de informes y planes de acci\u00f3n.', duracion: '20\u201330 horas \u00b7 Online' },\n        { nombre: 'Reglamento de M\u00e1quinas UE 2023\/1230', desc: 'Nuevos requisitos de seguridad para maquinaria: software, ciberseguridad e IA como componentes de seguridad. Aplicaci\u00f3n obligatoria desde enero 2027.', duracion: '15\u201320 horas \u00b7 Online' },\n        { nombre: 'Riesgos psicosociales y bienestar laboral', desc: 'Identificaci\u00f3n, evaluaci\u00f3n e intervenci\u00f3n en riesgos psicosociales. Dise\u00f1o de planes de bienestar y desconexi\u00f3n digital.', duracion: '20 horas \u00b7 Online' }\n      ]\n    },\n    mando: {\n      titulo: 'Itinerario para responsable de PRL \/ Director de prevenci\u00f3n',\n      pasos: [\n        { nombre: 'Gesti\u00f3n estrat\u00e9gica del sistema de prevenci\u00f3n', desc: 'Integraci\u00f3n de la PRL en la estrategia de la empresa. Indicadores de gesti\u00f3n, reporting a direcci\u00f3n y cultura preventiva.', duracion: '20\u201330 horas \u00b7 Online' },\n        { nombre: 'Coordinaci\u00f3n con la Inspecci\u00f3n de Trabajo', desc: 'Procedimientos de actuaci\u00f3n ante visitas de la Inspecci\u00f3n, documentaci\u00f3n requerida y gesti\u00f3n de requerimientos.', duracion: '10\u201315 horas \u00b7 Online' },\n        { nombre: 'Liderazgo y comunicaci\u00f3n en PRL', desc: 'C\u00f3mo comunicar la prevenci\u00f3n a distintos niveles de la organizaci\u00f3n. Formaci\u00f3n interna, campa\u00f1as de sensibilizaci\u00f3n y gesti\u00f3n del cambio.', duracion: '15 horas \u00b7 Online' }\n      ]\n    }\n  },\n  gestion: {\n    junior: {\n      titulo: 'Itinerario para Project Manager junior',\n      pasos: [\n        { nombre: 'Fundamentos de gesti\u00f3n de proyectos', desc: 'Metodolog\u00edas b\u00e1sicas (PMI, PRINCE2, Agile). Planificaci\u00f3n, EDT, gesti\u00f3n de tiempos y recursos.', duracion: '30\u201340 horas \u00b7 Online' },\n        { nombre: 'Software de planificaci\u00f3n (MS Project o Primavera)', desc: 'Creaci\u00f3n y seguimiento de cronogramas, asignaci\u00f3n de recursos y control de desviaciones.', duracion: '20\u201325 horas \u00b7 Online' },\n        { nombre: 'Control de costes y presupuestaci\u00f3n de proyectos', desc: 'Elaboraci\u00f3n de presupuestos, seguimiento de costes reales vs. planificados y gesti\u00f3n de variaciones.', duracion: '20 horas \u00b7 Online' },\n        { nombre: 'Comunicaci\u00f3n y gesti\u00f3n de stakeholders', desc: 'Elaboraci\u00f3n de informes de seguimiento, gesti\u00f3n de reuniones y comunicaci\u00f3n con cliente y equipo.', duracion: '15 horas \u00b7 Online' }\n      ]\n    },\n    senior: {\n      titulo: 'Itinerario para Project Manager senior',\n      pasos: [\n        { nombre: 'Gesti\u00f3n avanzada de riesgos en proyectos t\u00e9cnicos', desc: 'Identificaci\u00f3n, evaluaci\u00f3n y mitigaci\u00f3n de riesgos en proyectos de ingenier\u00eda e infraestructuras. Gesti\u00f3n contractual ante desviaciones.', duracion: '20\u201330 horas \u00b7 Online' },\n        { nombre: 'BIM aplicado a la gesti\u00f3n de proyectos', desc: 'Uso del modelo BIM para el control econ\u00f3mico, la planificaci\u00f3n y la coordinaci\u00f3n de disciplinas en proyectos complejos.', duracion: '30\u201340 horas \u00b7 Online' },\n        { nombre: 'Certificaci\u00f3n en sostenibilidad ESG para proyectos', desc: 'Requisitos ESG y ODS aplicados a la gesti\u00f3n de proyectos. Reporting de sostenibilidad e impacto en licitaciones.', duracion: '20 horas \u00b7 Online' },\n        { nombre: 'IA para la gesti\u00f3n de proyectos de ingenier\u00eda', desc: 'Herramientas de IA para an\u00e1lisis de riesgos, control de costes, gesti\u00f3n documental y optimizaci\u00f3n de la planificaci\u00f3n.', duracion: '25\u201330 horas \u00b7 Online' }\n      ]\n    },\n    mando: {\n      titulo: 'Itinerario para Director de proyectos \/ Mando intermedio',\n      pasos: [\n        { nombre: 'Liderazgo de equipos t\u00e9cnicos multidisciplinares', desc: 'Gesti\u00f3n de equipos con perfiles heterog\u00e9neos. Delegaci\u00f3n, motivaci\u00f3n, resoluci\u00f3n de conflictos y desarrollo del talento.', duracion: '25\u201330 horas \u00b7 Online' },\n        { nombre: 'Gesti\u00f3n del cambio en organizaciones t\u00e9cnicas', desc: 'C\u00f3mo liderar procesos de transformaci\u00f3n digital, cambio normativo o reorganizaci\u00f3n en equipos de ingenier\u00eda.', duracion: '15\u201320 horas \u00b7 Online' },\n        { nombre: 'Presentaci\u00f3n de resultados y reporting a direcci\u00f3n', desc: 'Elaboraci\u00f3n de informes ejecutivos, dashboards de seguimiento y comunicaci\u00f3n de resultados ante comit\u00e9s directivos.', duracion: '15 horas \u00b7 Online' },\n        { nombre: 'Soft skills para mandos intermedios', desc: 'Inteligencia emocional, comunicaci\u00f3n asertiva, gesti\u00f3n de la carga mental del equipo y prevenci\u00f3n del burnout.', duracion: '20\u201325 horas \u00b7 Online' }\n      ]\n    }\n  }\n};\n\nfunction generarItinerario() {\n  const rol = document.getElementById('cfg-rol').value;\n  const nivel = document.getElementById('cfg-nivel').value;\n\n  if (!rol || !nivel) {\n    alert('Por favor, selecciona tu \u00e1rea de trabajo y tu nivel de experiencia.');\n    return;\n  }\n\n  const datos = itinerarios[rol][nivel];\n  const resultado = document.getElementById('cfg-resultado');\n  const rolLabel = {\n    obra: 'Obra \u00b7 Ejecuci\u00f3n y supervisi\u00f3n',\n    oficina: 'Oficina t\u00e9cnica \u00b7 Dise\u00f1o y modelado',\n    prl: 'PRL y seguridad',\n    gestion: 'Gesti\u00f3n de proyectos'\n  };\n  const nivelLabel = { junior: 'Junior (0\u20133 a\u00f1os)', senior: 'Senior (+3 a\u00f1os)', mando: 'Mando intermedio' };\n\n  document.getElementById('cfg-res-rol').textContent = rolLabel[rol] + ' \u00b7 ' + nivelLabel[nivel];\n  document.getElementById('cfg-res-titulo').textContent = datos.titulo;\n\n  const pasosHTML = datos.pasos.map((p, i) => `\n    <div class=\"config-paso\">\n      <div class=\"paso-num\">${i + 1}<\/div>\n      <div class=\"paso-contenido\">\n        <div class=\"paso-nombre\">${p.nombre}<\/div>\n        <div class=\"paso-desc\">${p.desc}<\/div>\n        <div class=\"paso-duracion\">${p.duracion}<\/div>\n      <\/div>\n    <\/div>\n  `).join('');\n\n  document.getElementById('cfg-pasos').innerHTML = pasosHTML;\n  resultado.classList.add('visible');\n  resultado.scrollIntoView({ behavior: 'smooth', block: 'start' });\n}\n<\/script>\n","protected":false},"excerpt":{"rendered":"<p>En los sectores t\u00e9cnicos, la formaci\u00f3n \u00abtalla \u00fanica\u00bb tiene un problema de fondo: un pe\u00f3n de obra, un t\u00e9cnico de oficina t\u00e9cnica y un jefe de proyecto no tienen las mismas necesidades formativas, ni el mismo punto de partida, ni el mismo ritmo de aprendizaje. Cuando una empresa ofrece los mismos cursos a toda la [&hellip;]<\/p>\n","protected":false},"author":3,"featured_media":34315,"comment_status":"closed","ping_status":"closed","sticky":false,"template":"","format":"standard","meta":{"_acf_changed":false,"site-sidebar-layout":"default","site-content-layout":"","ast-site-content-layout":"default","site-content-style":"default","site-sidebar-style":"default","ast-global-header-display":"","ast-banner-title-visibility":"","ast-main-header-display":"","ast-hfb-above-header-display":"","ast-hfb-below-header-display":"","ast-hfb-mobile-header-display":"","site-post-title":"","ast-breadcrumbs-content":"","ast-featured-img":"","footer-sml-layout":"","ast-disable-related-posts":"","theme-transparent-header-meta":"","adv-header-id-meta":"","stick-header-meta":"","header-above-stick-meta":"","header-main-stick-meta":"","header-below-stick-meta":"","astra-migrate-meta-layouts":"default","ast-page-background-enabled":"default","ast-page-background-meta":{"desktop":{"background-color":"var(--ast-global-color-4)","background-image":"","background-repeat":"repeat","background-position":"center center","background-size":"auto","background-attachment":"scroll","background-type":"","background-media":"","overlay-type":"","overlay-color":"","overlay-opacity":"","overlay-gradient":""},"tablet":{"background-color":"","background-image":"","background-repeat":"repeat","background-position":"center center","background-size":"auto","background-attachment":"scroll","background-type":"","background-media":"","overlay-type":"","overlay-color":"","overlay-opacity":"","overlay-gradient":""},"mobile":{"background-color":"","background-image":"","background-repeat":"repeat","background-position":"center center","background-size":"auto","background-attachment":"scroll","background-type":"","background-media":"","overlay-type":"","overlay-color":"","overlay-opacity":"","overlay-gradient":""}},"ast-content-background-meta":{"desktop":{"background-color":"var(--ast-global-color-5)","background-image":"","background-repeat":"repeat","background-position":"center center","background-size":"auto","background-attachment":"scroll","background-type":"","background-media":"","overlay-type":"","overlay-color":"","overlay-opacity":"","overlay-gradient":""},"tablet":{"background-color":"var(--ast-global-color-5)","background-image":"","background-repeat":"repeat","background-position":"center center","background-size":"auto","background-attachment":"scroll","background-type":"","background-media":"","overlay-type":"","overlay-color":"","overlay-opacity":"","overlay-gradient":""},"mobile":{"background-color":"var(--ast-global-color-5)","background-image":"","background-repeat":"repeat","background-position":"center center","background-size":"auto","background-attachment":"scroll","background-type":"","background-media":"","overlay-type":"","overlay-color":"","overlay-opacity":"","overlay-gradient":""}},"footnotes":""},"categories":[14],"tags":[],"class_list":["post-34314","post","type-post","status-publish","format-standard","has-post-thumbnail","category-gestion-talento"],"acf":[],"_links":{"self":[{"href":"https:\/\/educapharos.com\/en\/wp-json\/wp\/v2\/posts\/34314","targetHints":{"allow":["GET"]}}],"collection":[{"href":"https:\/\/educapharos.com\/en\/wp-json\/wp\/v2\/posts"}],"about":[{"href":"https:\/\/educapharos.com\/en\/wp-json\/wp\/v2\/types\/post"}],"author":[{"embeddable":true,"href":"https:\/\/educapharos.com\/en\/wp-json\/wp\/v2\/users\/3"}],"replies":[{"embeddable":true,"href":"https:\/\/educapharos.com\/en\/wp-json\/wp\/v2\/comments?post=34314"}],"version-history":[{"count":1,"href":"https:\/\/educapharos.com\/en\/wp-json\/wp\/v2\/posts\/34314\/revisions"}],"predecessor-version":[{"id":34316,"href":"https:\/\/educapharos.com\/en\/wp-json\/wp\/v2\/posts\/34314\/revisions\/34316"}],"wp:featuredmedia":[{"embeddable":true,"href":"https:\/\/educapharos.com\/en\/wp-json\/wp\/v2\/media\/34315"}],"wp:attachment":[{"href":"https:\/\/educapharos.com\/en\/wp-json\/wp\/v2\/media?parent=34314"}],"wp:term":[{"taxonomy":"category","embeddable":true,"href":"https:\/\/educapharos.com\/en\/wp-json\/wp\/v2\/categories?post=34314"},{"taxonomy":"post_tag","embeddable":true,"href":"https:\/\/educapharos.com\/en\/wp-json\/wp\/v2\/tags?post=34314"}],"curies":[{"name":"wp","href":"https:\/\/api.w.org\/{rel}","templated":true}]}}